{"id":7831,"date":"2022-09-30T14:09:17","date_gmt":"2022-09-30T13:09:17","guid":{"rendered":"https:\/\/www.sewales-ret.co.uk\/wefo-update-september-2022\/"},"modified":"2022-09-30T14:47:03","modified_gmt":"2022-09-30T13:47:03","slug":"wefo-update-september-2022","status":"publish","type":"post","link":"https:\/\/www.sewales-ret.co.uk\/cy\/wefo-update-september-2022\/","title":{"rendered":"Y diweddaraf am WEFO &#8211; Medi 2022"},"content":{"rendered":"<h3>Diweddariad ynghylch Arolwg Cyfranogwyr Cronfa Gymdeithasol Ewrop<\/h3>\n<p>Nodwch fod WEFO wedi comisiynu IFF Research i gynnal ail ran Arolwg Cyfranogwyr Cronfa Gymdeithasol Ewrop ar gyfer Rhaglen 2014-2020.<\/p>\n<p>Mae IFF Research yn cynnal arolwg gyda sampl o Gyfranogwyr Cronfa Gymdeithasol Ewrop sydd wedi cwblhau hyfforddiant neu wedi cael cymorth drwy brosiectau a ariannwyd gan y Gronfa ac sydd wedi gadael y prosiect o leiaf 6 mis cyn yr arolwg.\u00a0Bydd IFF yn anfon llythyrau at y sawl sy\u2019n rhan o\u2019r sampl wythnos cyn bod y gwaith maes yn dechrau, er mwyn rhoi gwybod iddynt y byddant yn cael galwad.\u00a0Mae\u2019r llythyr hefyd yn cynnwys dolen gyswllt \u00e2 hysbysiad preifatrwydd yr arolwg ynghyd \u00e2 chyfeiriad ebost a rhif rhadff\u00f4n ar gyfer IFF os bydd gan unrhyw un ymholiadau.<\/p>\n<p>Cychwynnodd y gwaith maes ddechrau mis Awst a bwriedir iddo ddigwydd mewn tair ton:<\/p>\n<ul>\n<li><strong>Ton 1<\/strong> \u2013 i\u2019w chynnal rhwng mis Awst a chanol mis Tachwedd; bydd yn cynnwys cyfranogwyr sydd wedi gadael darpariaeth rhwng mis Ebrill 2018 a mis Gorffennaf 2021.<\/li>\n<li><strong>Ton 2<\/strong> \u2013 i\u2019w chynnal rhwng mis Ionawr a mis Chwefror 2023; bydd yn cynnwys cyfranogwyr ychwanegol a adawodd hyd at fis Rhagfyr 2021.<\/li>\n<li><strong>Ton 3<\/strong> \u2013 i\u2019w chynnal rhwng mis Ebrill a mis Mai 2023; bydd yn cynnwys cyfranogwyr ychwanegol a adawodd hyd at fis Ebrill 2022.<\/li>\n<\/ul>\n<p>Gofynnir i\u2019r ymatebwyr beth yr oeddent yn ei wneud cyn cymryd rhan yn y prosiect, beth oedd eu rhesymau dros gymryd rhan yn y prosiect ac a ydynt yn meddwl bod y prosiect wedi bod o fudd iddynt wedyn.<\/p>\n<p>Nodau\u2019r arolwg yw bodloni gofynion y CE o ran cyflwyno adroddiadau, a sicrhau bod WEFO a\u2019n sefydliadau partner yn cael gwybodaeth gadarn er mwyn asesu effeithiolrwydd rhaglenni Cronfa Gymdeithasol Ewrop ledled Cymru.<\/p>\n<p>Os oes gennych unrhyw ymholiadau am Arolwg Cyfranogwyr Cronfa Gymdeithasol Ewrop, mae croeso i chi gysylltu ag <a href=\"mailto:emily.rowlands001@gov.wales\">emily.rowlands001@gov.wales<\/a> neu <a href=\"mailto:charlotte.guinnee@gov.wales\">charlotte.guinnee@gov.wales<\/a>.<\/p>\n<h3>Gweithgareddau cyhoeddusrwydd a gweithdrefnau terfynu<\/h3>\n<p>Dyma nodyn i atgoffa partneriaid prosiect arweiniol y dylent sicrhau bod t\u00eem cyfathrebu WEFO yn cael gwybodaeth yn gyson am eich cyflawniadau, eich cerrig milltir, eich straeon llwyddiant a\u2019ch cynlluniau ar gyfer digwyddiadau terfynu, er mwyn i aelodau\u2019r t\u00eem eich helpu i gael cymaint o gyhoeddusrwydd ag sy\u2019n bosibl drwy sianelau\u2019r t\u00eem ac er mwyn ystyried cynnwys Gweinidogion.<\/p>\n<p><a href=\"https:\/\/llyw.cymru\/cronfeydd-strwythurol-yr-ue-2014-i-2020-paratoi-ar-gyfer-cau-prosiect\" target=\"_blank\" rel=\"noopener\">O ran gweithdrefnau terfynu\u2019n gyffredinol, dyma nodyn arall i\u2019ch atgoffa bod arweiniad ynghylch terfynu prosiect ar gael ar wefan Llywodraeth Cymru.<\/a><\/p>\n<p><a href=\"https:\/\/irelandwales.eu\/sites\/default\/files\/2020-09\/Ireland%20Wales%20Co-operation%20Programme.%20Best%20Practice%20Guide%20-%20Preparing%20For%20Project%20Closure.pdf\" target=\"_blank\" rel=\"noopener\">Mae arweiniad ynghylch gweithdrefnau terfynu ar gyfer prosiectau cydweithredu Iwerddon-Cymru ar gael ar wefan Iwerddon-Cymru.<\/a><\/p>\n<p>Os oes gennych unrhyw ymholiadau pellach am yr uchod, dylech gysylltu a thrafod \u00e2\u2019ch Swyddog Datblygu Prosiect yn gyntaf.<\/p>\n<h3>Uned Gefnogi Rhwydwaith Gwledig Cymru<\/h3>\n<p>Mae Uned Gefnogi Rhwydwaith Gwledig Cymru yn hwyluso\u2019r broses o gyfnewid syniadau rhwng sefydliadau gwledig. Mae ar gael i bawb:<\/p>\n<ul>\n<li>sydd \u00e2 diddordeb mewn datblygu gwledig<\/li>\n<li>sy\u2019n ymwneud \u00e2 \u2018Cymunedau Gwledig Llywodraeth Cymru \u2013 Rhaglen Datblygu Gwledig 2014-2020\u2019 a\u2019r cynlluniau a ariennir ganddi<\/li>\n<li>sydd am gael y wybodaeth ddiweddaraf am gyllid yn y dyfodol.<\/li>\n<\/ul>\n<p><a href=\"https:\/\/businesswales.gov.wales\/walesruralnetwork\/cy\" target=\"_blank\" rel=\"noopener\">Cael gwybod mwy am Uned Gefnogi Rhwydwaith Gwledig Cymru<\/a>.<\/p>\n","protected":false},"excerpt":{"rendered":"<p>Diweddariad ynghylch Arolwg Cyfranogwyr Cronfa Gymdeithasol Ewrop Nodwch fod WEFO wedi comisiynu IFF Research i gynnal ail ran Arolwg Cyfranogwyr Cronfa Gymdeithasol Ewrop ar gyfer Rhaglen 2014-2020. Mae IFF Research [&hellip;]<\/p>\n","protected":false},"author":2,"featured_media":6176,"comment_status":"closed","ping_status":"open","sticky":false,"template":"","format":"standard","meta":{"_acf_changed":false,"_bbp_topic_count":0,"_bbp_reply_count":0,"_bbp_total_topic_count":0,"_bbp_total_reply_count":0,"_bbp_voice_count":0,"_bbp_anonymous_reply_count":0,"_bbp_topic_count_hidden":0,"_bbp_reply_count_hidden":0,"_bbp_forum_subforum_count":0,"footnotes":""},"categories":[13],"tags":[],"class_list":["post-7831","post","type-post","status-publish","format-standard","has-post-thumbnail","hentry","category-newyddion"],"acf":[],"yoast_head":"<!-- This site is optimized with the Yoast SEO plugin v27.5 - https:\/\/yoast.com\/product\/yoast-seo-wordpress\/ -->\n<title>Y diweddaraf am WEFO - Medi 2022 - South East Wales Regional Engagement Team<\/title>\n<meta name=\"robots\" content=\"index, follow, max-snippet:-1, max-image-preview:large, max-video-preview:-1\" \/>\n<link rel=\"canonical\" href=\"https:\/\/www.sewales-ret.co.uk\/cy\/wefo-update-september-2022\/\" \/>\n<meta property=\"og:locale\" content=\"cy_GB\" \/>\n<meta property=\"og:type\" content=\"article\" \/>\n<meta property=\"og:title\" content=\"Y diweddaraf am WEFO - Medi 2022 - South East Wales Regional Engagement Team\" \/>\n<meta property=\"og:description\" content=\"Diweddariad ynghylch Arolwg Cyfranogwyr Cronfa Gymdeithasol Ewrop Nodwch fod WEFO wedi comisiynu IFF Research i gynnal ail ran Arolwg Cyfranogwyr Cronfa Gymdeithasol Ewrop ar gyfer Rhaglen 2014-2020. Mae IFF Research [&hellip;]\" \/>\n<meta property=\"og:url\" content=\"https:\/\/www.sewales-ret.co.uk\/cy\/wefo-update-september-2022\/\" \/>\n<meta property=\"og:site_name\" content=\"South East Wales Regional Engagement Team\" \/>\n<meta property=\"article:published_time\" content=\"2022-09-30T13:09:17+00:00\" \/>\n<meta property=\"article:modified_time\" content=\"2022-09-30T13:47:03+00:00\" \/>\n<meta property=\"og:image\" content=\"https:\/\/www.sewales-ret.co.uk\/wp-content\/uploads\/2021\/09\/Generic-Logo.jpg\" \/>\n\t<meta property=\"og:image:width\" content=\"1545\" \/>\n\t<meta property=\"og:image:height\" content=\"1119\" \/>\n\t<meta property=\"og:image:type\" content=\"image\/jpeg\" \/>\n<meta name=\"author\" content=\"RET Team\" \/>\n<meta name=\"twitter:card\" content=\"summary_large_image\" \/>\n<meta name=\"twitter:label1\" content=\"Written by\" \/>\n\t<meta name=\"twitter:data1\" content=\"RET Team\" \/>\n\t<meta name=\"twitter:label2\" content=\"Est. reading time\" \/>\n\t<meta name=\"twitter:data2\" content=\"3 minutes\" \/>\n<script type=\"application\/ld+json\" class=\"yoast-schema-graph\">{\"@context\":\"https:\\\/\\\/schema.org\",\"@graph\":[{\"@type\":\"Article\",\"@id\":\"https:\\\/\\\/www.sewales-ret.co.uk\\\/cy\\\/wefo-update-september-2022\\\/#article\",\"isPartOf\":{\"@id\":\"https:\\\/\\\/www.sewales-ret.co.uk\\\/cy\\\/wefo-update-september-2022\\\/\"},\"author\":{\"name\":\"RET Team\",\"@id\":\"https:\\\/\\\/www.sewales-ret.co.uk\\\/#\\\/schema\\\/person\\\/b4afd09d02efbba3e2cfae2387efd66c\"},\"headline\":\"Y diweddaraf am WEFO &#8211; Medi 2022\",\"datePublished\":\"2022-09-30T13:09:17+00:00\",\"dateModified\":\"2022-09-30T13:47:03+00:00\",\"mainEntityOfPage\":{\"@id\":\"https:\\\/\\\/www.sewales-ret.co.uk\\\/cy\\\/wefo-update-september-2022\\\/\"},\"wordCount\":509,\"image\":{\"@id\":\"https:\\\/\\\/www.sewales-ret.co.uk\\\/cy\\\/wefo-update-september-2022\\\/#primaryimage\"},\"thumbnailUrl\":\"https:\\\/\\\/www.sewales-ret.co.uk\\\/wp-content\\\/uploads\\\/2021\\\/09\\\/Generic-Logo.jpg\",\"articleSection\":[\"Newyddion\"],\"inLanguage\":\"cy-GB\"},{\"@type\":\"WebPage\",\"@id\":\"https:\\\/\\\/www.sewales-ret.co.uk\\\/cy\\\/wefo-update-september-2022\\\/\",\"url\":\"https:\\\/\\\/www.sewales-ret.co.uk\\\/cy\\\/wefo-update-september-2022\\\/\",\"name\":\"Y diweddaraf am WEFO - Medi 2022 - South East Wales Regional Engagement Team\",\"isPartOf\":{\"@id\":\"https:\\\/\\\/www.sewales-ret.co.uk\\\/#website\"},\"primaryImageOfPage\":{\"@id\":\"https:\\\/\\\/www.sewales-ret.co.uk\\\/cy\\\/wefo-update-september-2022\\\/#primaryimage\"},\"image\":{\"@id\":\"https:\\\/\\\/www.sewales-ret.co.uk\\\/cy\\\/wefo-update-september-2022\\\/#primaryimage\"},\"thumbnailUrl\":\"https:\\\/\\\/www.sewales-ret.co.uk\\\/wp-content\\\/uploads\\\/2021\\\/09\\\/Generic-Logo.jpg\",\"datePublished\":\"2022-09-30T13:09:17+00:00\",\"dateModified\":\"2022-09-30T13:47:03+00:00\",\"author\":{\"@id\":\"https:\\\/\\\/www.sewales-ret.co.uk\\\/#\\\/schema\\\/person\\\/b4afd09d02efbba3e2cfae2387efd66c\"},\"breadcrumb\":{\"@id\":\"https:\\\/\\\/www.sewales-ret.co.uk\\\/cy\\\/wefo-update-september-2022\\\/#breadcrumb\"},\"inLanguage\":\"cy-GB\",\"potentialAction\":[{\"@type\":\"ReadAction\",\"target\":[\"https:\\\/\\\/www.sewales-ret.co.uk\\\/cy\\\/wefo-update-september-2022\\\/\"]}]},{\"@type\":\"ImageObject\",\"inLanguage\":\"cy-GB\",\"@id\":\"https:\\\/\\\/www.sewales-ret.co.uk\\\/cy\\\/wefo-update-september-2022\\\/#primaryimage\",\"url\":\"https:\\\/\\\/www.sewales-ret.co.uk\\\/wp-content\\\/uploads\\\/2021\\\/09\\\/Generic-Logo.jpg\",\"contentUrl\":\"https:\\\/\\\/www.sewales-ret.co.uk\\\/wp-content\\\/uploads\\\/2021\\\/09\\\/Generic-Logo.jpg\",\"width\":1545,\"height\":1119},{\"@type\":\"BreadcrumbList\",\"@id\":\"https:\\\/\\\/www.sewales-ret.co.uk\\\/cy\\\/wefo-update-september-2022\\\/#breadcrumb\",\"itemListElement\":[{\"@type\":\"ListItem\",\"position\":1,\"name\":\"Home\",\"item\":\"https:\\\/\\\/www.sewales-ret.co.uk\\\/cy\\\/\"},{\"@type\":\"ListItem\",\"position\":2,\"name\":\"Y diweddaraf am WEFO &#8211; Medi 2022\"}]},{\"@type\":\"WebSite\",\"@id\":\"https:\\\/\\\/www.sewales-ret.co.uk\\\/#website\",\"url\":\"https:\\\/\\\/www.sewales-ret.co.uk\\\/\",\"name\":\"South East Wales Regional Engagement Team\",\"description\":\"\",\"potentialAction\":[{\"@type\":\"SearchAction\",\"target\":{\"@type\":\"EntryPoint\",\"urlTemplate\":\"https:\\\/\\\/www.sewales-ret.co.uk\\\/?s={search_term_string}\"},\"query-input\":{\"@type\":\"PropertyValueSpecification\",\"valueRequired\":true,\"valueName\":\"search_term_string\"}}],\"inLanguage\":\"cy-GB\"},{\"@type\":\"Person\",\"@id\":\"https:\\\/\\\/www.sewales-ret.co.uk\\\/#\\\/schema\\\/person\\\/b4afd09d02efbba3e2cfae2387efd66c\",\"name\":\"RET Team\",\"image\":{\"@type\":\"ImageObject\",\"inLanguage\":\"cy-GB\",\"@id\":\"https:\\\/\\\/secure.gravatar.com\\\/avatar\\\/e4ce13cc6355d4083444ca5f33edd57c8b20906ea5adf018dcec00bbcdeb404f?s=96&d=mm&r=g\",\"url\":\"https:\\\/\\\/secure.gravatar.com\\\/avatar\\\/e4ce13cc6355d4083444ca5f33edd57c8b20906ea5adf018dcec00bbcdeb404f?s=96&d=mm&r=g\",\"contentUrl\":\"https:\\\/\\\/secure.gravatar.com\\\/avatar\\\/e4ce13cc6355d4083444ca5f33edd57c8b20906ea5adf018dcec00bbcdeb404f?s=96&d=mm&r=g\",\"caption\":\"RET Team\"},\"url\":\"https:\\\/\\\/www.sewales-ret.co.uk\\\/cy\\\/author\\\/ret-team\\\/\"}]}<\/script>\n<!-- \/ Yoast SEO plugin. -->","yoast_head_json":{"title":"Y diweddaraf am WEFO - Medi 2022 - South East Wales Regional Engagement Team","robots":{"index":"index","follow":"follow","max-snippet":"max-snippet:-1","max-image-preview":"max-image-preview:large","max-video-preview":"max-video-preview:-1"},"canonical":"https:\/\/www.sewales-ret.co.uk\/cy\/wefo-update-september-2022\/","og_locale":"cy_GB","og_type":"article","og_title":"Y diweddaraf am WEFO - Medi 2022 - South East Wales Regional Engagement Team","og_description":"Diweddariad ynghylch Arolwg Cyfranogwyr Cronfa Gymdeithasol Ewrop Nodwch fod WEFO wedi comisiynu IFF Research i gynnal ail ran Arolwg Cyfranogwyr Cronfa Gymdeithasol Ewrop ar gyfer Rhaglen 2014-2020. Mae IFF Research [&hellip;]","og_url":"https:\/\/www.sewales-ret.co.uk\/cy\/wefo-update-september-2022\/","og_site_name":"South East Wales Regional Engagement Team","article_published_time":"2022-09-30T13:09:17+00:00","article_modified_time":"2022-09-30T13:47:03+00:00","og_image":[{"width":1545,"height":1119,"url":"https:\/\/www.sewales-ret.co.uk\/wp-content\/uploads\/2021\/09\/Generic-Logo.jpg","type":"image\/jpeg"}],"author":"RET Team","twitter_card":"summary_large_image","twitter_misc":{"Written by":"RET Team","Est. reading time":"3 minutes"},"schema":{"@context":"https:\/\/schema.org","@graph":[{"@type":"Article","@id":"https:\/\/www.sewales-ret.co.uk\/cy\/wefo-update-september-2022\/#article","isPartOf":{"@id":"https:\/\/www.sewales-ret.co.uk\/cy\/wefo-update-september-2022\/"},"author":{"name":"RET Team","@id":"https:\/\/www.sewales-ret.co.uk\/#\/schema\/person\/b4afd09d02efbba3e2cfae2387efd66c"},"headline":"Y diweddaraf am WEFO &#8211; Medi 2022","datePublished":"2022-09-30T13:09:17+00:00","dateModified":"2022-09-30T13:47:03+00:00","mainEntityOfPage":{"@id":"https:\/\/www.sewales-ret.co.uk\/cy\/wefo-update-september-2022\/"},"wordCount":509,"image":{"@id":"https:\/\/www.sewales-ret.co.uk\/cy\/wefo-update-september-2022\/#primaryimage"},"thumbnailUrl":"https:\/\/www.sewales-ret.co.uk\/wp-content\/uploads\/2021\/09\/Generic-Logo.jpg","articleSection":["Newyddion"],"inLanguage":"cy-GB"},{"@type":"WebPage","@id":"https:\/\/www.sewales-ret.co.uk\/cy\/wefo-update-september-2022\/","url":"https:\/\/www.sewales-ret.co.uk\/cy\/wefo-update-september-2022\/","name":"Y diweddaraf am WEFO - Medi 2022 - South East Wales Regional Engagement Team","isPartOf":{"@id":"https:\/\/www.sewales-ret.co.uk\/#website"},"primaryImageOfPage":{"@id":"https:\/\/www.sewales-ret.co.uk\/cy\/wefo-update-september-2022\/#primaryimage"},"image":{"@id":"https:\/\/www.sewales-ret.co.uk\/cy\/wefo-update-september-2022\/#primaryimage"},"thumbnailUrl":"https:\/\/www.sewales-ret.co.uk\/wp-content\/uploads\/2021\/09\/Generic-Logo.jpg","datePublished":"2022-09-30T13:09:17+00:00","dateModified":"2022-09-30T13:47:03+00:00","author":{"@id":"https:\/\/www.sewales-ret.co.uk\/#\/schema\/person\/b4afd09d02efbba3e2cfae2387efd66c"},"breadcrumb":{"@id":"https:\/\/www.sewales-ret.co.uk\/cy\/wefo-update-september-2022\/#breadcrumb"},"inLanguage":"cy-GB","potentialAction":[{"@type":"ReadAction","target":["https:\/\/www.sewales-ret.co.uk\/cy\/wefo-update-september-2022\/"]}]},{"@type":"ImageObject","inLanguage":"cy-GB","@id":"https:\/\/www.sewales-ret.co.uk\/cy\/wefo-update-september-2022\/#primaryimage","url":"https:\/\/www.sewales-ret.co.uk\/wp-content\/uploads\/2021\/09\/Generic-Logo.jpg","contentUrl":"https:\/\/www.sewales-ret.co.uk\/wp-content\/uploads\/2021\/09\/Generic-Logo.jpg","width":1545,"height":1119},{"@type":"BreadcrumbList","@id":"https:\/\/www.sewales-ret.co.uk\/cy\/wefo-update-september-2022\/#breadcrumb","itemListElement":[{"@type":"ListItem","position":1,"name":"Home","item":"https:\/\/www.sewales-ret.co.uk\/cy\/"},{"@type":"ListItem","position":2,"name":"Y diweddaraf am WEFO &#8211; Medi 2022"}]},{"@type":"WebSite","@id":"https:\/\/www.sewales-ret.co.uk\/#website","url":"https:\/\/www.sewales-ret.co.uk\/","name":"South East Wales Regional Engagement Team","description":"","potentialAction":[{"@type":"SearchAction","target":{"@type":"EntryPoint","urlTemplate":"https:\/\/www.sewales-ret.co.uk\/?s={search_term_string}"},"query-input":{"@type":"PropertyValueSpecification","valueRequired":true,"valueName":"search_term_string"}}],"inLanguage":"cy-GB"},{"@type":"Person","@id":"https:\/\/www.sewales-ret.co.uk\/#\/schema\/person\/b4afd09d02efbba3e2cfae2387efd66c","name":"RET Team","image":{"@type":"ImageObject","inLanguage":"cy-GB","@id":"https:\/\/secure.gravatar.com\/avatar\/e4ce13cc6355d4083444ca5f33edd57c8b20906ea5adf018dcec00bbcdeb404f?s=96&d=mm&r=g","url":"https:\/\/secure.gravatar.com\/avatar\/e4ce13cc6355d4083444ca5f33edd57c8b20906ea5adf018dcec00bbcdeb404f?s=96&d=mm&r=g","contentUrl":"https:\/\/secure.gravatar.com\/avatar\/e4ce13cc6355d4083444ca5f33edd57c8b20906ea5adf018dcec00bbcdeb404f?s=96&d=mm&r=g","caption":"RET Team"},"url":"https:\/\/www.sewales-ret.co.uk\/cy\/author\/ret-team\/"}]}},"_links":{"self":[{"href":"https:\/\/www.sewales-ret.co.uk\/cy\/wp-json\/wp\/v2\/posts\/7831","targetHints":{"allow":["GET"]}}],"collection":[{"href":"https:\/\/www.sewales-ret.co.uk\/cy\/wp-json\/wp\/v2\/posts"}],"about":[{"href":"https:\/\/www.sewales-ret.co.uk\/cy\/wp-json\/wp\/v2\/types\/post"}],"author":[{"embeddable":true,"href":"https:\/\/www.sewales-ret.co.uk\/cy\/wp-json\/wp\/v2\/users\/2"}],"replies":[{"embeddable":true,"href":"https:\/\/www.sewales-ret.co.uk\/cy\/wp-json\/wp\/v2\/comments?post=7831"}],"version-history":[{"count":0,"href":"https:\/\/www.sewales-ret.co.uk\/cy\/wp-json\/wp\/v2\/posts\/7831\/revisions"}],"wp:featuredmedia":[{"embeddable":true,"href":"https:\/\/www.sewales-ret.co.uk\/cy\/wp-json\/wp\/v2\/media\/6176"}],"wp:attachment":[{"href":"https:\/\/www.sewales-ret.co.uk\/cy\/wp-json\/wp\/v2\/media?parent=7831"}],"wp:term":[{"taxonomy":"category","embeddable":true,"href":"https:\/\/www.sewales-ret.co.uk\/cy\/wp-json\/wp\/v2\/categories?post=7831"},{"taxonomy":"post_tag","embeddable":true,"href":"https:\/\/www.sewales-ret.co.uk\/cy\/wp-json\/wp\/v2\/tags?post=7831"}],"curies":[{"name":"wp","href":"https:\/\/api.w.org\/{rel}","templated":true}]}}